{"id":1361,"date":"2026-04-30T23:32:06","date_gmt":"2026-05-01T02:32:06","guid":{"rendered":"https:\/\/www.sinproce.org.br\/?p=1361"},"modified":"2026-05-01T08:36:48","modified_gmt":"2026-05-01T11:36:48","slug":"1o-de-maio-luta-respeito-e-valorizacao-do-trabalho","status":"publish","type":"post","link":"https:\/\/www.sinproce.org.br\/?p=1361","title":{"rendered":"1\u00ba de Maio: luta, respeito e valoriza\u00e7\u00e3o do trabalho"},"content":{"rendered":"\n<p>Neste 1\u00ba de Maio, o SINPRO-CE sa\u00fada os profissionais da educa\u00e7\u00e3o e todos os demais trabalhadores e trabalhadoras que constroem o pa\u00eds com seu esfor\u00e7o di\u00e1rio.<\/p>\n\n\n\n<p>Reafirmamos nosso compromisso com a defesa dos direitos, a valoriza\u00e7\u00e3o profissional e a luta por condi\u00e7\u00f5es dignas de trabalho.<\/p>\n\n\n\n<p>Seguimos juntos, com unidade e firmeza, por respeito e justi\u00e7a social.<\/p>\n\n\n\n<p>Feliz Dia do Trabalhador!<\/p>\n\n\n\n<figure class=\"wp-block-image size-large\"><a href=\"https:\/\/www.sinproce.org.br\/wp-content\/uploads\/2026\/05\/WhatsApp-Image-2026-05-01-at-08.27.43.jpeg\"><img decoding=\"async\" loading=\"lazy\" width=\"819\" height=\"1024\" src=\"https:\/\/www.sinproce.org.br\/wp-content\/uploads\/2026\/05\/WhatsApp-Image-2026-05-01-at-08.27.43-819x1024.jpeg\" alt=\"\" class=\"wp-image-1370\" srcset=\"https:\/\/www.sinproce.org.br\/wp-content\/uploads\/2026\/05\/WhatsApp-Image-2026-05-01-at-08.27.43-819x1024.jpeg 819w, https:\/\/www.sinproce.org.br\/wp-content\/uploads\/2026\/05\/WhatsApp-Image-2026-05-01-at-08.27.43-240x300.jpeg 240w, https:\/\/www.sinproce.org.br\/wp-content\/uploads\/2026\/05\/WhatsApp-Image-2026-05-01-at-08.27.43-768x960.jpeg 768w, https:\/\/www.sinproce.org.br\/wp-content\/uploads\/2026\/05\/WhatsApp-Image-2026-05-01-at-08.27.43.jpeg 1080w\" sizes=\"(max-width: 819px) 100vw, 819px\" \/><\/a><\/figure>\n","protected":false},"excerpt":{"rendered":"<p>Neste 1\u00ba de Maio, o SINPRO-CE sa\u00fada os profissionais da educa\u00e7\u00e3o e todos os demais trabalhadores e trabalhadoras que constroem o pa\u00eds com seu esfor\u00e7o di\u00e1rio. Reafirmamos nosso compromisso com a defesa dos direitos, a valoriza\u00e7\u00e3o profissional e a luta por condi\u00e7\u00f5es dignas de trabalho. Seguimos juntos, com unidade e firmeza, por respeito e justi\u00e7a&#8230;<\/p>\n","protected":false},"author":1,"featured_media":1367,"comment_status":"closed","ping_status":"open","sticky":false,"template":"","format":"standard","meta":[],"categories":[6,3],"tags":[],"_links":{"self":[{"href":"https:\/\/www.sinproce.org.br\/index.php?rest_route=\/wp\/v2\/posts\/1361"}],"collection":[{"href":"https:\/\/www.sinproce.org.br\/index.php?rest_route=\/wp\/v2\/posts"}],"about":[{"href":"https:\/\/www.sinproce.org.br\/index.php?rest_route=\/wp\/v2\/types\/post"}],"author":[{"embeddable":true,"href":"https:\/\/www.sinproce.org.br\/index.php?rest_route=\/wp\/v2\/users\/1"}],"replies":[{"embeddable":true,"href":"https:\/\/www.sinproce.org.br\/index.php?rest_route=%2Fwp%2Fv2%2Fcomments&post=1361"}],"version-history":[{"count":3,"href":"https:\/\/www.sinproce.org.br\/index.php?rest_route=\/wp\/v2\/posts\/1361\/revisions"}],"predecessor-version":[{"id":1371,"href":"https:\/\/www.sinproce.org.br\/index.php?rest_route=\/wp\/v2\/posts\/1361\/revisions\/1371"}],"wp:featuredmedia":[{"embeddable":true,"href":"https:\/\/www.sinproce.org.br\/index.php?rest_route=\/wp\/v2\/media\/1367"}],"wp:attachment":[{"href":"https:\/\/www.sinproce.org.br\/index.php?rest_route=%2Fwp%2Fv2%2Fmedia&parent=1361"}],"wp:term":[{"taxonomy":"category","embeddable":true,"href":"https:\/\/www.sinproce.org.br\/index.php?rest_route=%2Fwp%2Fv2%2Fcategories&post=1361"},{"taxonomy":"post_tag","embeddable":true,"href":"https:\/\/www.sinproce.org.br\/index.php?rest_route=%2Fwp%2Fv2%2Ftags&post=1361"}],"curies":[{"name":"wp","href":"https:\/\/api.w.org\/{rel}","templated":true}]}}