{"id":145,"date":"2011-11-22T17:44:41","date_gmt":"2011-11-22T17:44:41","guid":{"rendered":"http:\/\/novo.sinproce.org.br\/?p=145"},"modified":"2014-03-07T17:46:27","modified_gmt":"2014-03-07T17:46:27","slug":"atentos-professores","status":"publish","type":"post","link":"https:\/\/www.sinproce.org.br\/?p=145","title":{"rendered":"Atentos, professores!"},"content":{"rendered":"<p>Ao iniciar as atividades docentes do ano em curso, os professores devem estar atentos para evitar que sejam ludibriados em seus direitos.<\/p>\n<p><!--more--><\/p>\n<p>Tais direitos n\u00e3o podem ser desrespeitados pelos estabelecimentos de ensino.<\/p>\n<h3>Redu\u00e7\u00e3o de carga hor\u00e1ria<\/h3>\n<p>Este ato praticado pelos estabelecimentos de ensino, \u00e9 um dos problemas mais delicados que a nossa categoria infrenta. Sempre que houver redu\u00e7\u00e3o de carga hor\u00e1ria entre em contato com o Sindicato.<\/p>\n<h3>Registro em carteira<\/h3>\n<p>\u00c9 obrigat\u00f3rio, devendo coincidir rigorosamente com o in\u00edcio efetivo das atividades, vale dizer, a data do registro deve coincidir com a data da primeira atividade docente.<\/p>\n<h3>Cuidado com a carteira profissional<\/h3>\n<p>Protocole a entrega da carteira profissional para que o estabelecimento de ensino proceda o registro do contrato de trabalho. Como se trata de um documento essencial para a vida profissional do interessado, sobretudo para aposentadoria, todo cuidado \u00e9 pouco.<\/p>\n<p>&nbsp;<\/p>\n<p><strong>Sauda\u00e7\u00f5es Sindicais!<\/strong><\/p>\n<p><strong>A Diretoria<\/strong><\/p>\n<p>&nbsp;<\/p>\n","protected":false},"excerpt":{"rendered":"<p>Ao iniciar as atividades docentes do ano em curso, os professores devem estar atentos para evitar que sejam ludibriados em seus direitos.<\/p>\n","protected":false},"author":1,"featured_media":0,"comment_status":"open","ping_status":"open","sticky":false,"template":"","format":"standard","meta":[],"categories":[4],"tags":[],"_links":{"self":[{"href":"https:\/\/www.sinproce.org.br\/index.php?rest_route=\/wp\/v2\/posts\/145"}],"collection":[{"href":"https:\/\/www.sinproce.org.br\/index.php?rest_route=\/wp\/v2\/posts"}],"about":[{"href":"https:\/\/www.sinproce.org.br\/index.php?rest_route=\/wp\/v2\/types\/post"}],"author":[{"embeddable":true,"href":"https:\/\/www.sinproce.org.br\/index.php?rest_route=\/wp\/v2\/users\/1"}],"replies":[{"embeddable":true,"href":"https:\/\/www.sinproce.org.br\/index.php?rest_route=%2Fwp%2Fv2%2Fcomments&post=145"}],"version-history":[{"count":2,"href":"https:\/\/www.sinproce.org.br\/index.php?rest_route=\/wp\/v2\/posts\/145\/revisions"}],"predecessor-version":[{"id":249,"href":"https:\/\/www.sinproce.org.br\/index.php?rest_route=\/wp\/v2\/posts\/145\/revisions\/249"}],"wp:attachment":[{"href":"https:\/\/www.sinproce.org.br\/index.php?rest_route=%2Fwp%2Fv2%2Fmedia&parent=145"}],"wp:term":[{"taxonomy":"category","embeddable":true,"href":"https:\/\/www.sinproce.org.br\/index.php?rest_route=%2Fwp%2Fv2%2Fcategories&post=145"},{"taxonomy":"post_tag","embeddable":true,"href":"https:\/\/www.sinproce.org.br\/index.php?rest_route=%2Fwp%2Fv2%2Ftags&post=145"}],"curies":[{"name":"wp","href":"https:\/\/api.w.org\/{rel}","templated":true}]}}