{"id":536,"date":"2018-05-04T17:29:29","date_gmt":"2018-05-04T20:29:29","guid":{"rendered":"http:\/\/www.sinproce.org.br\/?p=536"},"modified":"2018-05-04T17:29:29","modified_gmt":"2018-05-04T20:29:29","slug":"1o-de-maio-o-que-comemorar","status":"publish","type":"post","link":"https:\/\/www.sinproce.org.br\/?p=536","title":{"rendered":"1\u00ba de Maio, o que comemorar?"},"content":{"rendered":"<p>Trabalhadores,<\/p>\n<p>o Brasil colhe hoje, os frutos de uma Reforma Trabalhista opressora, que foi imposta de forma a n\u00e3o gerar emprego, aumentar a inseguran\u00e7a jur\u00eddica, exterminar o Sistema Sindical Brasileiro, o Judici\u00e1rio Trabalhista e principalmente retirar do Trabalhador a sua dignidade social.<\/p>\n<p>Comemorar o dia do Trabalhador \u00e9 relembrar a luta dos oper\u00e1rios de Chicago que em 1886, mobilizaram 500 mil trabalhadores para protestar contra jornadas de trabalho entre 12 e 13 horas ininterruptas. N\u00f3s que t\u00ednhamos garantia de laborar 8 horas di\u00e1rias, com a nova Lei aprovada no Congresso Nacional podemos volta a trabalhar 12 horas desde que negociadas entre patr\u00e3o e empregado. RETROCESSO de 132 anos.<\/p>\n<p>Voc\u00ea, Trabalhador, que ainda n\u00e3o se deu conta do que est\u00e1 ocorrendo, saiba que seu hor\u00e1rio de trabalho, seu sal\u00e1rio, suas horas extras, seu piso salarial, suas verbas rescis\u00f3rias e outras conquistas obtidas em d\u00e9cadas de atua\u00e7\u00e3o das entidades sindicais, podem ser flexibilizadas gra\u00e7as a nova Lei Trabalhista.<\/p>\n<p>A grande m\u00eddia, agora que sentiu sua credibilidade ser arranhada pelo apoio que deram a esse massacre feito contra o Trabalhador, come\u00e7a a divulgar que o desemprego voltou ao que era antes da Reforma, que as novos contratos de Trabalho s\u00e3o inferiores a 2 sal\u00e1rios m\u00ednimos, que existem contrata\u00e7\u00f5es inferiores a um sal\u00e1rio m\u00ednimo.<\/p>\n<p>O que comemorar em um pa\u00eds cujo governo prefere aplicar seu or\u00e7amento em verbas destinadas aos senhores Parlamentares que o apoiam e esquece dos projetos sociais e de infraestrutura.<\/p>\n<p>Onde est\u00e1 o sonhado crescimento, incapaz de gerar um \u00fanico sal\u00e1rio digno, buscando o aperfei\u00e7oamento profissional de sua popula\u00e7\u00e3o.<\/p>\n<p>Sabe Trabalhador, as maravilhas que lhe foram mostradas o afungentaram do \u00fanico local que voc\u00ea nunca deveria ter sa\u00eddo, do seu Sindicato.<\/p>\n<p>O tempo dir\u00e1 as agruras que passar\u00e1 quando verificar seus direitos foram vilipendiados e que a sua entidade sindical morreu por asfixia econ\u00f4mica dada a propaganda enganosa que foi desenvolvida contra voc\u00ea.<\/p>\n<p>Se \u00e9 que \u00e9 poss\u00edvel, feliz dia do Trabalhador.<\/p>\n<p><a href=\"http:\/\/cnteec.org.br\/new\/arquivos\/3299\">Oswaldo Augusto de Barros \u2013 CNTEEC<\/a><\/p>\n","protected":false},"excerpt":{"rendered":"<p>Trabalhadores, o Brasil colhe hoje, os frutos de uma Reforma Trabalhista opressora, que foi imposta de forma a n\u00e3o gerar emprego, aumentar a inseguran\u00e7a jur\u00eddica, exterminar o Sistema Sindical Brasileiro, o Judici\u00e1rio Trabalhista e principalmente retirar do Trabalhador a sua dignidade social. Comemorar o dia do Trabalhador \u00e9 relembrar a luta dos oper\u00e1rios de Chicago&#8230;<\/p>\n","protected":false},"author":1,"featured_media":537,"comment_status":"open","ping_status":"open","sticky":false,"template":"","format":"standard","meta":[],"categories":[4,6],"tags":[],"_links":{"self":[{"href":"https:\/\/www.sinproce.org.br\/index.php?rest_route=\/wp\/v2\/posts\/536"}],"collection":[{"href":"https:\/\/www.sinproce.org.br\/index.php?rest_route=\/wp\/v2\/posts"}],"about":[{"href":"https:\/\/www.sinproce.org.br\/index.php?rest_route=\/wp\/v2\/types\/post"}],"author":[{"embeddable":true,"href":"https:\/\/www.sinproce.org.br\/index.php?rest_route=\/wp\/v2\/users\/1"}],"replies":[{"embeddable":true,"href":"https:\/\/www.sinproce.org.br\/index.php?rest_route=%2Fwp%2Fv2%2Fcomments&post=536"}],"version-history":[{"count":1,"href":"https:\/\/www.sinproce.org.br\/index.php?rest_route=\/wp\/v2\/posts\/536\/revisions"}],"predecessor-version":[{"id":538,"href":"https:\/\/www.sinproce.org.br\/index.php?rest_route=\/wp\/v2\/posts\/536\/revisions\/538"}],"wp:featuredmedia":[{"embeddable":true,"href":"https:\/\/www.sinproce.org.br\/index.php?rest_route=\/wp\/v2\/media\/537"}],"wp:attachment":[{"href":"https:\/\/www.sinproce.org.br\/index.php?rest_route=%2Fwp%2Fv2%2Fmedia&parent=536"}],"wp:term":[{"taxonomy":"category","embeddable":true,"href":"https:\/\/www.sinproce.org.br\/index.php?rest_route=%2Fwp%2Fv2%2Fcategories&post=536"},{"taxonomy":"post_tag","embeddable":true,"href":"https:\/\/www.sinproce.org.br\/index.php?rest_route=%2Fwp%2Fv2%2Ftags&post=536"}],"curies":[{"name":"wp","href":"https:\/\/api.w.org\/{rel}","templated":true}]}}